{"id":8399,"date":"2026-04-29T11:23:24","date_gmt":"2026-04-29T11:23:24","guid":{"rendered":"https:\/\/www.xn--kprmedya-n4a6d.com\/?p=8399"},"modified":"2026-04-29T11:23:26","modified_gmt":"2026-04-29T11:23:26","slug":"ak-partide-yatirimlar-masaya-yatirildi","status":"publish","type":"post","link":"https:\/\/www.xn--kprmedya-n4a6d.com\/index.php\/2026\/04\/29\/ak-partide-yatirimlar-masaya-yatirildi\/","title":{"rendered":"AK PART\u0130\u2019DE YATIRIMLAR MASAYA YATIRILDI"},"content":{"rendered":"\n<figure class=\"wp-block-image size-full\"><img loading=\"lazy\" decoding=\"async\" width=\"1024\" height=\"237\" src=\"https:\/\/www.xn--kprmedya-n4a6d.com\/wp-content\/uploads\/2026\/04\/IMG_4679-2.jpeg\" alt=\"\" class=\"wp-image-8403\" srcset=\"https:\/\/www.xn--kprmedya-n4a6d.com\/wp-content\/uploads\/2026\/04\/IMG_4679-2.jpeg 1024w, https:\/\/www.xn--kprmedya-n4a6d.com\/wp-content\/uploads\/2026\/04\/IMG_4679-2-300x69.jpeg 300w, https:\/\/www.xn--kprmedya-n4a6d.com\/wp-content\/uploads\/2026\/04\/IMG_4679-2-768x178.jpeg 768w\" sizes=\"auto, (max-width: 1024px) 100vw, 1024px\" \/><\/figure>\n\n\n\n<p>AK Parti Mustafakemalpa\u015fa \u0130l\u00e7e Ba\u015fkanl\u0131\u011f\u0131 taraf\u0131ndan d\u00fczenlenen 60. Daralt\u0131lm\u0131\u015f \u0130l\u00e7e Dan\u0131\u015fma Meclisi Toplant\u0131s\u0131, d\u00fcn ak\u015fam Mustafakemalpa\u015fa \u00d6\u011fretmenevi\u2019nde yo\u011fun kat\u0131l\u0131mla ger\u00e7ekle\u015ftirildi.<\/p>\n\n\n\n<figure class=\"wp-block-image size-large\"><img loading=\"lazy\" decoding=\"async\" width=\"1024\" height=\"768\" src=\"https:\/\/www.xn--kprmedya-n4a6d.com\/wp-content\/uploads\/2026\/04\/IMG_4736-1024x768.jpeg\" alt=\"\" class=\"wp-image-8400\" srcset=\"https:\/\/www.xn--kprmedya-n4a6d.com\/wp-content\/uploads\/2026\/04\/IMG_4736-1024x768.jpeg 1024w, https:\/\/www.xn--kprmedya-n4a6d.com\/wp-content\/uploads\/2026\/04\/IMG_4736-300x225.jpeg 300w, https:\/\/www.xn--kprmedya-n4a6d.com\/wp-content\/uploads\/2026\/04\/IMG_4736-768x576.jpeg 768w, https:\/\/www.xn--kprmedya-n4a6d.com\/wp-content\/uploads\/2026\/04\/IMG_4736-1536x1152.jpeg 1536w, https:\/\/www.xn--kprmedya-n4a6d.com\/wp-content\/uploads\/2026\/04\/IMG_4736.jpeg 2048w\" sizes=\"auto, (max-width: 1024px) 100vw, 1024px\" \/><\/figure>\n\n\n\n<p>\u0130l\u00e7e Ba\u015fkan\u0131 Mutlu Turgut\u2019un ba\u015fkanl\u0131\u011f\u0131nda yap\u0131lan toplant\u0131ya, AK Parti Bursa \u0130l Ba\u015fkan Yard\u0131mc\u0131s\u0131 Kemal Ermi\u015f ile \u0130l\u00e7e Koordinat\u00f6r\u00fc Abdulsamet Uzak da kat\u0131ld\u0131. Toplant\u0131da il\u00e7e te\u015fkilat\u0131 y\u00f6neticileri, gen\u00e7lik kollar\u0131, kad\u0131n kollar\u0131 temsilcileri ve belediye meclis \u00fcyeleri haz\u0131r bulundu.<\/p>\n\n\n\n<figure class=\"wp-block-image size-large\"><img loading=\"lazy\" decoding=\"async\" width=\"1024\" height=\"768\" src=\"https:\/\/www.xn--kprmedya-n4a6d.com\/wp-content\/uploads\/2026\/04\/IMG_4735-1024x768.jpeg\" alt=\"\" class=\"wp-image-8401\" srcset=\"https:\/\/www.xn--kprmedya-n4a6d.com\/wp-content\/uploads\/2026\/04\/IMG_4735-1024x768.jpeg 1024w, https:\/\/www.xn--kprmedya-n4a6d.com\/wp-content\/uploads\/2026\/04\/IMG_4735-300x225.jpeg 300w, https:\/\/www.xn--kprmedya-n4a6d.com\/wp-content\/uploads\/2026\/04\/IMG_4735-768x576.jpeg 768w, https:\/\/www.xn--kprmedya-n4a6d.com\/wp-content\/uploads\/2026\/04\/IMG_4735-1536x1152.jpeg 1536w, https:\/\/www.xn--kprmedya-n4a6d.com\/wp-content\/uploads\/2026\/04\/IMG_4735.jpeg 1600w\" sizes=\"auto, (max-width: 1024px) 100vw, 1024px\" \/><\/figure>\n\n\n\n<p>Toplant\u0131n\u0131n ana g\u00fcndem maddelerini te\u015fkilat \u00e7al\u0131\u015fmalar\u0131, saha faaliyetleri ve il\u00e7ede devam eden yat\u0131r\u0131mlar olu\u015fturdu. Kat\u0131l\u0131mc\u0131lar, Mustafakemalpa\u015fa\u2019n\u0131n mevcut durumu ve \u00f6n\u00fcm\u00fczdeki d\u00f6neme ili\u015fkin hedefler konusunda de\u011ferlendirmelerde bulundu.<\/p>\n\n\n\n<p>Toplant\u0131da konu\u015fan \u0130l\u00e7e Ba\u015fkan\u0131 Mutlu Turgut, Mustafakemalpa\u015fa i\u00e7in net bir vizyon ortaya koyduklar\u0131n\u0131 belirterek, vatanda\u015f odakl\u0131 hizmet anlay\u0131\u015f\u0131yla hareket ettiklerini s\u00f6yledi.<\/p>\n\n\n\n<p>Turgut konu\u015fmas\u0131nda, \u201c\u0130nsan\u0131n\u0131n kendini de\u011ferli hissetti\u011fi, ihtiya\u00e7lar\u0131n\u0131n kar\u015f\u0131land\u0131\u011f\u0131, ya\u015fad\u0131\u011f\u0131 yerden gurur duydu\u011fu bir Mustafakemalpa\u015fa in\u015fa etmek istiyoruz. Hizmet konusunda hi\u00e7bir mazeretimiz yok. \u00c7\u00fcnk\u00fc biz hizmeti siyaset \u00fcst\u00fc g\u00f6ren, insan\u0131 merkeze alan ve hi\u00e7bir ayr\u0131m yapmadan herkes i\u00e7in \u00e7al\u0131\u015fan bir te\u015fkilat\u0131z\u201d ifadelerini kulland\u0131.<\/p>\n\n\n\n<figure class=\"wp-block-image size-large\"><img loading=\"lazy\" decoding=\"async\" width=\"768\" height=\"1024\" src=\"https:\/\/www.xn--kprmedya-n4a6d.com\/wp-content\/uploads\/2026\/04\/IMG_4737-768x1024.jpeg\" alt=\"\" class=\"wp-image-8402\" srcset=\"https:\/\/www.xn--kprmedya-n4a6d.com\/wp-content\/uploads\/2026\/04\/IMG_4737-768x1024.jpeg 768w, https:\/\/www.xn--kprmedya-n4a6d.com\/wp-content\/uploads\/2026\/04\/IMG_4737-225x300.jpeg 225w, https:\/\/www.xn--kprmedya-n4a6d.com\/wp-content\/uploads\/2026\/04\/IMG_4737-1152x1536.jpeg 1152w, https:\/\/www.xn--kprmedya-n4a6d.com\/wp-content\/uploads\/2026\/04\/IMG_4737.jpeg 1200w\" sizes=\"auto, (max-width: 768px) 100vw, 768px\" \/><\/figure>\n\n\n\n<p>Konu\u015fmas\u0131n\u0131n sonunda T\u00fcrkiye Y\u00fczy\u0131l\u0131 vizyonuna da de\u011finen Turgut, Mustafakemalpa\u015fa i\u00e7in ayn\u0131 azim ve kararl\u0131l\u0131kla \u00e7al\u0131\u015fmay\u0131 s\u00fcrd\u00fcreceklerini vurgulad\u0131.<\/p>\n\n\n\n<p>AK Parti te\u015fkilat\u0131n\u0131n d\u00fczenli olarak ger\u00e7ekle\u015ftirdi\u011fi dan\u0131\u015fma meclisi toplant\u0131lar\u0131n\u0131n, te\u015fkilat i\u00e7i isti\u015fare ve koordinasyon a\u00e7\u0131s\u0131ndan \u00f6nem ta\u015f\u0131d\u0131\u011f\u0131 belirtildi.<\/p>\n\n\n\n<figure class=\"wp-block-image size-full\"><img loading=\"lazy\" decoding=\"async\" width=\"825\" height=\"500\" src=\"https:\/\/www.xn--kprmedya-n4a6d.com\/wp-content\/uploads\/2026\/04\/IMG_4677-2.jpeg\" alt=\"\" class=\"wp-image-8404\" srcset=\"https:\/\/www.xn--kprmedya-n4a6d.com\/wp-content\/uploads\/2026\/04\/IMG_4677-2.jpeg 825w, https:\/\/www.xn--kprmedya-n4a6d.com\/wp-content\/uploads\/2026\/04\/IMG_4677-2-300x182.jpeg 300w, https:\/\/www.xn--kprmedya-n4a6d.com\/wp-content\/uploads\/2026\/04\/IMG_4677-2-768x465.jpeg 768w\" sizes=\"auto, (max-width: 825px) 100vw, 825px\" \/><\/figure>\n","protected":false},"excerpt":{"rendered":"<p>AK Parti Mustafakemalpa\u015fa \u0130l\u00e7e Ba\u015fkanl\u0131\u011f\u0131 taraf\u0131ndan d\u00fczenlenen 60. Daralt\u0131lm\u0131\u015f \u0130l\u00e7e Dan\u0131\u015fma Meclisi Toplant\u0131s\u0131, d\u00fcn ak\u015fam Mustafakemalpa\u015fa \u00d6\u011fretmenevi\u2019nde yo\u011fun kat\u0131l\u0131mla ger\u00e7ekle\u015ftirildi. \u0130l\u00e7e Ba\u015fkan\u0131 Mutlu Turgut\u2019un ba\u015fkanl\u0131\u011f\u0131nda&hellip;<\/p>\n","protected":false},"author":1,"featured_media":8405,"comment_status":"open","ping_status":"open","sticky":false,"template":"","format":"standard","meta":{"advanced_seo_description":"","jetpack_seo_html_title":"","jetpack_seo_noindex":false,"_jetpack_memberships_contains_paid_content":false,"footnotes":"","jetpack_publicize_message":"","jetpack_publicize_feature_enabled":true,"jetpack_social_post_already_shared":true,"jetpack_social_options":{"image_generator_settings":{"template":"highway","default_image_id":0,"font":"","enabled":false},"version":2}},"categories":[8],"tags":[],"class_list":["post-8399","post","type-post","status-publish","format-standard","has-post-thumbnail","hentry","category-foto-galeri"],"jetpack_publicize_connections":[],"jetpack_featured_media_url":"https:\/\/www.xn--kprmedya-n4a6d.com\/wp-content\/uploads\/2026\/04\/IMG_4734.jpeg","jetpack_likes_enabled":true,"jetpack_sharing_enabled":true,"jetpack_shortlink":"https:\/\/wp.me\/pgAB3S-2bt","_links":{"self":[{"href":"https:\/\/www.xn--kprmedya-n4a6d.com\/index.php\/wp-json\/wp\/v2\/posts\/8399","targetHints":{"allow":["GET"]}}],"collection":[{"href":"https:\/\/www.xn--kprmedya-n4a6d.com\/index.php\/wp-json\/wp\/v2\/posts"}],"about":[{"href":"https:\/\/www.xn--kprmedya-n4a6d.com\/index.php\/wp-json\/wp\/v2\/types\/post"}],"author":[{"embeddable":true,"href":"https:\/\/www.xn--kprmedya-n4a6d.com\/index.php\/wp-json\/wp\/v2\/users\/1"}],"replies":[{"embeddable":true,"href":"https:\/\/www.xn--kprmedya-n4a6d.com\/index.php\/wp-json\/wp\/v2\/comments?post=8399"}],"version-history":[{"count":1,"href":"https:\/\/www.xn--kprmedya-n4a6d.com\/index.php\/wp-json\/wp\/v2\/posts\/8399\/revisions"}],"predecessor-version":[{"id":8406,"href":"https:\/\/www.xn--kprmedya-n4a6d.com\/index.php\/wp-json\/wp\/v2\/posts\/8399\/revisions\/8406"}],"wp:featuredmedia":[{"embeddable":true,"href":"https:\/\/www.xn--kprmedya-n4a6d.com\/index.php\/wp-json\/wp\/v2\/media\/8405"}],"wp:attachment":[{"href":"https:\/\/www.xn--kprmedya-n4a6d.com\/index.php\/wp-json\/wp\/v2\/media?parent=8399"}],"wp:term":[{"taxonomy":"category","embeddable":true,"href":"https:\/\/www.xn--kprmedya-n4a6d.com\/index.php\/wp-json\/wp\/v2\/categories?post=8399"},{"taxonomy":"post_tag","embeddable":true,"href":"https:\/\/www.xn--kprmedya-n4a6d.com\/index.php\/wp-json\/wp\/v2\/tags?post=8399"}],"curies":[{"name":"wp","href":"https:\/\/api.w.org\/{rel}","templated":true}]}}