{"id":8414,"date":"2026-04-30T12:15:58","date_gmt":"2026-04-30T12:15:58","guid":{"rendered":"https:\/\/www.xn--kprmedya-n4a6d.com\/?p=8414"},"modified":"2026-04-30T12:16:00","modified_gmt":"2026-04-30T12:16:00","slug":"yunus-emre-ilkokulundan-altin-basari-barlas-karatas-tokyo-yolcusu","status":"publish","type":"post","link":"https:\/\/www.xn--kprmedya-n4a6d.com\/index.php\/2026\/04\/30\/yunus-emre-ilkokulundan-altin-basari-barlas-karatas-tokyo-yolcusu\/","title":{"rendered":"YUNUS EMRE \u0130LKOKULU\u2019NDAN ALTIN BA\u015eARI: BARLAS KARATA\u015e TOKYO YOLCUSU"},"content":{"rendered":"\n<figure class=\"wp-block-image size-full\"><img loading=\"lazy\" decoding=\"async\" width=\"1024\" height=\"237\" src=\"https:\/\/www.xn--kprmedya-n4a6d.com\/wp-content\/uploads\/2026\/04\/IMG_4679-4.jpeg\" alt=\"\" class=\"wp-image-8417\" srcset=\"https:\/\/www.xn--kprmedya-n4a6d.com\/wp-content\/uploads\/2026\/04\/IMG_4679-4.jpeg 1024w, https:\/\/www.xn--kprmedya-n4a6d.com\/wp-content\/uploads\/2026\/04\/IMG_4679-4-300x69.jpeg 300w, https:\/\/www.xn--kprmedya-n4a6d.com\/wp-content\/uploads\/2026\/04\/IMG_4679-4-768x178.jpeg 768w\" sizes=\"auto, (max-width: 1024px) 100vw, 1024px\" \/><\/figure>\n\n\n\n<p>Mustafakemalpa\u015fa, e\u011fitimde elde etti\u011fi \u00f6nemli bir ba\u015far\u0131yla bir kez daha ad\u0131ndan s\u00f6z ettirdi. Yunus Emre \u0130lkokulu 2-C s\u0131n\u0131f\u0131 \u00f6\u011frencisi Barlas Karata\u015f, 11. D\u00fcnya Matematik Yar\u0131\u015fmas\u0131 (WMI) T\u00fcrkiye etab\u0131nda g\u00f6sterdi\u011fi \u00fcst\u00fcn performansla T\u00fcrkiye genelinde 11. olarak alt\u0131n madalya kazand\u0131.<\/p>\n\n\n\n<p>B\u00fcy\u00fck bir ba\u015far\u0131ya imza atan Karata\u015f, bu derecesiyle Japonya\u2019n\u0131n ba\u015fkenti Tokyo\u2019da 10-14 Temmuz 2026 tarihleri aras\u0131nda d\u00fczenlenecek d\u00fcnya finallerine kat\u0131lmaya hak kazand\u0131. Uluslararas\u0131 arenada Mustafakemalpa\u015fa\u2019y\u0131 temsil edecek olmas\u0131 il\u00e7ede b\u00fcy\u00fck gurur ya\u015fatt\u0131.<\/p>\n\n\n\n<figure class=\"wp-block-image size-full\"><img loading=\"lazy\" decoding=\"async\" width=\"899\" height=\"766\" src=\"https:\/\/www.xn--kprmedya-n4a6d.com\/wp-content\/uploads\/2026\/04\/IMG_4774.jpeg\" alt=\"\" class=\"wp-image-8416\" srcset=\"https:\/\/www.xn--kprmedya-n4a6d.com\/wp-content\/uploads\/2026\/04\/IMG_4774.jpeg 899w, https:\/\/www.xn--kprmedya-n4a6d.com\/wp-content\/uploads\/2026\/04\/IMG_4774-300x256.jpeg 300w, https:\/\/www.xn--kprmedya-n4a6d.com\/wp-content\/uploads\/2026\/04\/IMG_4774-768x654.jpeg 768w\" sizes=\"auto, (max-width: 899px) 100vw, 899px\" \/><\/figure>\n\n\n\n<p>Barlas Karata\u015f\u2019\u0131n ba\u015far\u0131s\u0131 bununla da s\u0131n\u0131rl\u0131 kalmad\u0131. Ayn\u0131 d\u00f6nemde T\u00fcrkiye genelinde ger\u00e7ekle\u015ftirilen 4. Ulusal Matematik \u015eampiyonas\u0131\u2019nda da ilk y\u00fczde 3\u2019l\u00fck dilime girerek final a\u015famas\u0131na y\u00fckseldi.<\/p>\n\n\n\n<p>Ba\u015far\u0131l\u0131 \u00f6\u011frenci i\u00e7in Yunus Emre \u0130lkokulu\u2019nda d\u00fczenlenen t\u00f6rende, madalya ve ba\u015far\u0131 belgeleri Okul M\u00fcd\u00fcr\u00fc Ayd\u0131n Tahir \u00c7olak taraf\u0131ndan takdim edildi. T\u00f6rende \u00f6\u011frencinin mutlulu\u011fu g\u00f6zlerden ka\u00e7mazken, \u00f6\u011fretmenleri ve ailesi de gurur dolu anlar ya\u015fad\u0131.<\/p>\n\n\n\n<p>Barlas Karata\u015f\u2019\u0131n bu \u00f6nemli ba\u015far\u0131s\u0131nda eme\u011fi bulunan s\u0131n\u0131f \u00f6\u011fretmeni Emel Eser, Hamzabey Bilsem dan\u0131\u015fman \u00f6\u011fretmeni C\u00fcneyt Yenipazar ve ailesi de takdir toplad\u0131.<\/p>\n\n\n\n<figure class=\"wp-block-image size-large\"><img loading=\"lazy\" decoding=\"async\" width=\"1024\" height=\"722\" src=\"https:\/\/www.xn--kprmedya-n4a6d.com\/wp-content\/uploads\/2026\/04\/IMG_4776-1024x722.jpeg\" alt=\"\" class=\"wp-image-8415\" srcset=\"https:\/\/www.xn--kprmedya-n4a6d.com\/wp-content\/uploads\/2026\/04\/IMG_4776-1024x722.jpeg 1024w, https:\/\/www.xn--kprmedya-n4a6d.com\/wp-content\/uploads\/2026\/04\/IMG_4776-300x212.jpeg 300w, https:\/\/www.xn--kprmedya-n4a6d.com\/wp-content\/uploads\/2026\/04\/IMG_4776-768x541.jpeg 768w, https:\/\/www.xn--kprmedya-n4a6d.com\/wp-content\/uploads\/2026\/04\/IMG_4776.jpeg 1200w\" sizes=\"auto, (max-width: 1024px) 100vw, 1024px\" \/><\/figure>\n\n\n\n<p>Elde edilen bu ba\u015far\u0131, Mustafakemalpa\u015fa\u2019n\u0131n e\u011fitim alan\u0131ndaki potansiyelini bir kez daha ortaya koyarken, gen\u00e7 yeteneklerin do\u011fru y\u00f6nlendirme ve destekle uluslararas\u0131 ba\u015far\u0131lara ula\u015fabilece\u011fini g\u00f6sterdi.<\/p>\n\n\n\n<p>K\u00f6pr\u00fc Medya olarak Barlas Karata\u015f\u2019\u0131 tebrik ediyor, d\u00fcnya finallerinde \u00fcst\u00fcn ba\u015far\u0131lar diliyoruz.<\/p>\n\n\n\n<figure class=\"wp-block-image size-full\"><img loading=\"lazy\" decoding=\"async\" width=\"825\" height=\"500\" src=\"https:\/\/www.xn--kprmedya-n4a6d.com\/wp-content\/uploads\/2026\/04\/IMG_4677-4.jpeg\" alt=\"\" class=\"wp-image-8418\" srcset=\"https:\/\/www.xn--kprmedya-n4a6d.com\/wp-content\/uploads\/2026\/04\/IMG_4677-4.jpeg 825w, https:\/\/www.xn--kprmedya-n4a6d.com\/wp-content\/uploads\/2026\/04\/IMG_4677-4-300x182.jpeg 300w, https:\/\/www.xn--kprmedya-n4a6d.com\/wp-content\/uploads\/2026\/04\/IMG_4677-4-768x465.jpeg 768w\" sizes=\"auto, (max-width: 825px) 100vw, 825px\" \/><\/figure>\n","protected":false},"excerpt":{"rendered":"<p>Mustafakemalpa\u015fa, e\u011fitimde elde etti\u011fi \u00f6nemli bir ba\u015far\u0131yla bir kez daha ad\u0131ndan s\u00f6z ettirdi. Yunus Emre \u0130lkokulu 2-C s\u0131n\u0131f\u0131 \u00f6\u011frencisi Barlas Karata\u015f, 11. D\u00fcnya Matematik Yar\u0131\u015fmas\u0131&hellip;<\/p>\n","protected":false},"author":1,"featured_media":8419,"comment_status":"open","ping_status":"open","sticky":false,"template":"","format":"standard","meta":{"advanced_seo_description":"","jetpack_seo_html_title":"","jetpack_seo_noindex":false,"_jetpack_memberships_contains_paid_content":false,"footnotes":"","jetpack_publicize_message":"","jetpack_publicize_feature_enabled":true,"jetpack_social_post_already_shared":true,"jetpack_social_options":{"image_generator_settings":{"template":"highway","default_image_id":0,"font":"","enabled":false},"version":2}},"categories":[8],"tags":[],"class_list":["post-8414","post","type-post","status-publish","format-standard","has-post-thumbnail","hentry","category-foto-galeri"],"jetpack_publicize_connections":[],"jetpack_featured_media_url":"https:\/\/www.xn--kprmedya-n4a6d.com\/wp-content\/uploads\/2026\/04\/IMG_4775.jpeg","jetpack_likes_enabled":true,"jetpack_sharing_enabled":true,"jetpack_shortlink":"https:\/\/wp.me\/pgAB3S-2bI","_links":{"self":[{"href":"https:\/\/www.xn--kprmedya-n4a6d.com\/index.php\/wp-json\/wp\/v2\/posts\/8414","targetHints":{"allow":["GET"]}}],"collection":[{"href":"https:\/\/www.xn--kprmedya-n4a6d.com\/index.php\/wp-json\/wp\/v2\/posts"}],"about":[{"href":"https:\/\/www.xn--kprmedya-n4a6d.com\/index.php\/wp-json\/wp\/v2\/types\/post"}],"author":[{"embeddable":true,"href":"https:\/\/www.xn--kprmedya-n4a6d.com\/index.php\/wp-json\/wp\/v2\/users\/1"}],"replies":[{"embeddable":true,"href":"https:\/\/www.xn--kprmedya-n4a6d.com\/index.php\/wp-json\/wp\/v2\/comments?post=8414"}],"version-history":[{"count":1,"href":"https:\/\/www.xn--kprmedya-n4a6d.com\/index.php\/wp-json\/wp\/v2\/posts\/8414\/revisions"}],"predecessor-version":[{"id":8420,"href":"https:\/\/www.xn--kprmedya-n4a6d.com\/index.php\/wp-json\/wp\/v2\/posts\/8414\/revisions\/8420"}],"wp:featuredmedia":[{"embeddable":true,"href":"https:\/\/www.xn--kprmedya-n4a6d.com\/index.php\/wp-json\/wp\/v2\/media\/8419"}],"wp:attachment":[{"href":"https:\/\/www.xn--kprmedya-n4a6d.com\/index.php\/wp-json\/wp\/v2\/media?parent=8414"}],"wp:term":[{"taxonomy":"category","embeddable":true,"href":"https:\/\/www.xn--kprmedya-n4a6d.com\/index.php\/wp-json\/wp\/v2\/categories?post=8414"},{"taxonomy":"post_tag","embeddable":true,"href":"https:\/\/www.xn--kprmedya-n4a6d.com\/index.php\/wp-json\/wp\/v2\/tags?post=8414"}],"curies":[{"name":"wp","href":"https:\/\/api.w.org\/{rel}","templated":true}]}}