{"id":8423,"date":"2026-04-30T19:34:27","date_gmt":"2026-04-30T19:34:27","guid":{"rendered":"https:\/\/www.xn--kprmedya-n4a6d.com\/?p=8423"},"modified":"2026-04-30T19:34:28","modified_gmt":"2026-04-30T19:34:28","slug":"ogrenmek-bitmez-diyen-doktor-ibrahim-onal-fen-lisesinde-genclerle-bulustu","status":"publish","type":"post","link":"https:\/\/www.xn--kprmedya-n4a6d.com\/index.php\/2026\/04\/30\/ogrenmek-bitmez-diyen-doktor-ibrahim-onal-fen-lisesinde-genclerle-bulustu\/","title":{"rendered":"\u201c\u00d6\u011eRENMEK B\u0130TMEZ\u201d D\u0130YEN DOKTOR, \u0130BRAH\u0130M \u00d6NAL FEN L\u0130SES\u0130\u2019NDE GEN\u00c7LERLE BULU\u015eTU"},"content":{"rendered":"\n<figure class=\"wp-block-image size-full\"><img loading=\"lazy\" decoding=\"async\" width=\"1024\" height=\"237\" src=\"https:\/\/www.xn--kprmedya-n4a6d.com\/wp-content\/uploads\/2026\/04\/IMG_4679-5.jpeg\" alt=\"\" class=\"wp-image-8428\" srcset=\"https:\/\/www.xn--kprmedya-n4a6d.com\/wp-content\/uploads\/2026\/04\/IMG_4679-5.jpeg 1024w, https:\/\/www.xn--kprmedya-n4a6d.com\/wp-content\/uploads\/2026\/04\/IMG_4679-5-300x69.jpeg 300w, https:\/\/www.xn--kprmedya-n4a6d.com\/wp-content\/uploads\/2026\/04\/IMG_4679-5-768x178.jpeg 768w\" sizes=\"auto, (max-width: 1024px) 100vw, 1024px\" \/><\/figure>\n\n\n\n<p><a href=\"chatgpt:\/\/generic-entity?number=0\"><\/a><\/p>\n\n\n\n<p><a href=\"chatgpt:\/\/generic-entity?number=0\">\u0130brahim \u00d6nal Fen Lisesi<\/a>, \u00f6\u011frencileri gelece\u011fe haz\u0131rlayan \u00f6nemli bir etkinli\u011fe ev sahipli\u011fi yapt\u0131. 30 Nisan 2026 tarihinde d\u00fczenlenen kariyer s\u00f6yle\u015fisinde,&nbsp;<a href=\"chatgpt:\/\/generic-entity?number=1\">Bursa \u015eehir Hastanesi<\/a>&nbsp;\u0130\u00e7 Hastal\u0131klar\u0131 Uzman\u0131&nbsp;<a href=\"chatgpt:\/\/generic-entity?number=2\">Dr. Emre Cem Oma\u00e7<\/a>&nbsp;\u00f6\u011frencilerle bulu\u015farak hem mesleki hem de akademik yolculu\u011funa dair dikkat \u00e7eken deneyimlerini payla\u015ft\u0131.<\/p>\n\n\n\n<figure class=\"wp-block-image size-large\"><img loading=\"lazy\" decoding=\"async\" width=\"1024\" height=\"768\" src=\"https:\/\/www.xn--kprmedya-n4a6d.com\/wp-content\/uploads\/2026\/04\/178572d9-9059-4d5d-b8cb-e44b1eb341b0-1024x768.jpeg\" alt=\"\" class=\"wp-image-8424\" srcset=\"https:\/\/www.xn--kprmedya-n4a6d.com\/wp-content\/uploads\/2026\/04\/178572d9-9059-4d5d-b8cb-e44b1eb341b0-1024x768.jpeg 1024w, https:\/\/www.xn--kprmedya-n4a6d.com\/wp-content\/uploads\/2026\/04\/178572d9-9059-4d5d-b8cb-e44b1eb341b0-300x225.jpeg 300w, https:\/\/www.xn--kprmedya-n4a6d.com\/wp-content\/uploads\/2026\/04\/178572d9-9059-4d5d-b8cb-e44b1eb341b0-768x576.jpeg 768w, https:\/\/www.xn--kprmedya-n4a6d.com\/wp-content\/uploads\/2026\/04\/178572d9-9059-4d5d-b8cb-e44b1eb341b0-1536x1152.jpeg 1536w, https:\/\/www.xn--kprmedya-n4a6d.com\/wp-content\/uploads\/2026\/04\/178572d9-9059-4d5d-b8cb-e44b1eb341b0.jpeg 1600w\" sizes=\"auto, (max-width: 1024px) 100vw, 1024px\" \/><\/figure>\n\n\n\n<p>Yo\u011fun kat\u0131l\u0131mla ger\u00e7ekle\u015fen seminerde, t\u0131p e\u011fitiminin zorlu ve uzun soluklu yap\u0131s\u0131ndan uzmanl\u0131k s\u00fcrecine, hekimlik mesle\u011finin sorumluluklar\u0131ndan kariyer planlamas\u0131na kadar bir\u00e7ok ba\u015fl\u0131k ele al\u0131nd\u0131. \u00d6\u011frenciler, bir hekimin e\u011fitim ve meslek hayat\u0131na dair s\u00fcreci birinci a\u011f\u0131zdan dinleme f\u0131rsat\u0131 buldu.<\/p>\n\n\n\n<p>Konu\u015fmas\u0131nda t\u0131bb\u0131n s\u00fcrekli geli\u015fen yap\u0131s\u0131na vurgu yapan Oma\u00e7, bu mesle\u011fin bitmeyen bir \u00f6\u011frenme s\u00fcreci oldu\u011funu belirterek, hekimlerin bilimsel geli\u015fmeleri yak\u0131ndan takip etmesinin zorunlulu\u011funa dikkat \u00e7ekti. Hekimli\u011fin yaln\u0131zca akademik ba\u015far\u0131yla s\u0131n\u0131rl\u0131 olmad\u0131\u011f\u0131n\u0131 ifade eden Oma\u00e7, disiplin, sorumluluk bilinci ve \u00f6zverinin mesle\u011fin temel ta\u015flar\u0131 oldu\u011funu dile getirdi.<\/p>\n\n\n\n<figure class=\"wp-block-image size-large\"><img loading=\"lazy\" decoding=\"async\" width=\"1024\" height=\"769\" src=\"https:\/\/www.xn--kprmedya-n4a6d.com\/wp-content\/uploads\/2026\/04\/c695bad9-8535-49e7-9778-230b79ccb78d-1024x769.jpeg\" alt=\"\" class=\"wp-image-8425\" srcset=\"https:\/\/www.xn--kprmedya-n4a6d.com\/wp-content\/uploads\/2026\/04\/c695bad9-8535-49e7-9778-230b79ccb78d-1024x769.jpeg 1024w, https:\/\/www.xn--kprmedya-n4a6d.com\/wp-content\/uploads\/2026\/04\/c695bad9-8535-49e7-9778-230b79ccb78d-300x225.jpeg 300w, https:\/\/www.xn--kprmedya-n4a6d.com\/wp-content\/uploads\/2026\/04\/c695bad9-8535-49e7-9778-230b79ccb78d-768x577.jpeg 768w, https:\/\/www.xn--kprmedya-n4a6d.com\/wp-content\/uploads\/2026\/04\/c695bad9-8535-49e7-9778-230b79ccb78d.jpeg 1200w\" sizes=\"auto, (max-width: 1024px) 100vw, 1024px\" \/><\/figure>\n\n\n\n<p>S\u00f6yle\u015fide hukuk alan\u0131ndaki e\u011fitimine de de\u011finen Oma\u00e7, hukukun bireysel ve toplumsal ya\u015fam\u0131n ayr\u0131lmaz bir par\u00e7as\u0131 oldu\u011funu belirtti. Hak bilincinin \u00f6nemine dikkat \u00e7eken ba\u015far\u0131l\u0131 doktor, hukukun yaln\u0131zca bir meslek de\u011fil, ayn\u0131 zamanda toplumsal d\u00fczenin temel unsurlar\u0131ndan biri oldu\u011funu vurgulad\u0131.<\/p>\n\n\n\n<p>T\u0131p ve hukukun birbirini tamamlayan iki \u00f6nemli disiplin oldu\u011funu ifade eden Oma\u00e7, bu iki alan\u0131n birlikte de\u011ferlendirilmesinin olaylara daha geni\u015f ve analitik bir bak\u0131\u015f a\u00e7\u0131s\u0131 kazand\u0131rd\u0131\u011f\u0131n\u0131 s\u00f6yledi. \u00c7ok y\u00f6nl\u00fc geli\u015fimin \u00f6nemine de\u011finen Oma\u00e7, \u00f6\u011frencilere ilgi alanlar\u0131n\u0131 ke\u015ffetmeleri ve bu do\u011frultuda kararl\u0131 ad\u0131mlar atmalar\u0131 y\u00f6n\u00fcnde tavsiyelerde bulundu.<\/p>\n\n\n\n<p>Akademik ba\u015far\u0131lar\u0131yla da dikkat \u00e7eken Oma\u00e7\u2019\u0131n, Lisans Yerle\u015ftirme S\u0131nav\u0131\u2019nda T\u00fcrkiye 70\u2019incisi olmas\u0131 ve hem t\u0131p hem hukuk alan\u0131nda e\u011fitim almas\u0131, \u00f6\u011frenciler i\u00e7in g\u00fc\u00e7l\u00fc bir rol model olu\u015fturdu.<\/p>\n\n\n\n<figure class=\"wp-block-image size-large\"><img loading=\"lazy\" decoding=\"async\" width=\"1024\" height=\"768\" src=\"https:\/\/www.xn--kprmedya-n4a6d.com\/wp-content\/uploads\/2026\/04\/e860a766-beda-46c4-909e-9d2837926fe8-1024x768.jpeg\" alt=\"\" class=\"wp-image-8426\" srcset=\"https:\/\/www.xn--kprmedya-n4a6d.com\/wp-content\/uploads\/2026\/04\/e860a766-beda-46c4-909e-9d2837926fe8-1024x768.jpeg 1024w, https:\/\/www.xn--kprmedya-n4a6d.com\/wp-content\/uploads\/2026\/04\/e860a766-beda-46c4-909e-9d2837926fe8-300x225.jpeg 300w, https:\/\/www.xn--kprmedya-n4a6d.com\/wp-content\/uploads\/2026\/04\/e860a766-beda-46c4-909e-9d2837926fe8-768x576.jpeg 768w, https:\/\/www.xn--kprmedya-n4a6d.com\/wp-content\/uploads\/2026\/04\/e860a766-beda-46c4-909e-9d2837926fe8-1536x1152.jpeg 1536w, https:\/\/www.xn--kprmedya-n4a6d.com\/wp-content\/uploads\/2026\/04\/e860a766-beda-46c4-909e-9d2837926fe8.jpeg 1600w\" sizes=\"auto, (max-width: 1024px) 100vw, 1024px\" \/><\/figure>\n\n\n\n<p>Program, \u00f6\u011frencilerin aktif kat\u0131l\u0131m sa\u011flad\u0131\u011f\u0131 soru-cevap b\u00f6l\u00fcm\u00fcyle sona ererken, okul y\u00f6netimi taraf\u0131ndan&nbsp;<a href=\"chatgpt:\/\/generic-entity?number=3\">Dr. Emre Cem Oma\u00e7<\/a>\u2019a katk\u0131lar\u0131ndan dolay\u0131 te\u015fekk\u00fcr edilerek g\u00fcn\u00fcn an\u0131s\u0131na plaket takdim edildi.<\/p>\n\n\n\n<p>Mustafakemalpa\u015fa\u2019da d\u00fczenlenen bu anlaml\u0131 etkinlik, gen\u00e7lerin kariyer yolculu\u011funa \u0131\u015f\u0131k tutarken, disiplinler aras\u0131 e\u011fitimin \u00f6nemini bir kez daha g\u00f6zler \u00f6n\u00fcne serdi.<\/p>\n\n\n\n<figure class=\"wp-block-image size-full\"><img loading=\"lazy\" decoding=\"async\" width=\"825\" height=\"500\" src=\"https:\/\/www.xn--kprmedya-n4a6d.com\/wp-content\/uploads\/2026\/04\/IMG_4677-5.jpeg\" alt=\"\" class=\"wp-image-8429\" srcset=\"https:\/\/www.xn--kprmedya-n4a6d.com\/wp-content\/uploads\/2026\/04\/IMG_4677-5.jpeg 825w, https:\/\/www.xn--kprmedya-n4a6d.com\/wp-content\/uploads\/2026\/04\/IMG_4677-5-300x182.jpeg 300w, https:\/\/www.xn--kprmedya-n4a6d.com\/wp-content\/uploads\/2026\/04\/IMG_4677-5-768x465.jpeg 768w\" sizes=\"auto, (max-width: 825px) 100vw, 825px\" \/><\/figure>\n","protected":false},"excerpt":{"rendered":"<p>\u0130brahim \u00d6nal Fen Lisesi, \u00f6\u011frencileri gelece\u011fe haz\u0131rlayan \u00f6nemli bir etkinli\u011fe ev sahipli\u011fi yapt\u0131. 30 Nisan 2026 tarihinde d\u00fczenlenen kariyer s\u00f6yle\u015fisinde,&nbsp;Bursa \u015eehir Hastanesi&nbsp;\u0130\u00e7 Hastal\u0131klar\u0131 Uzman\u0131&nbsp;Dr. Emre&hellip;<\/p>\n","protected":false},"author":1,"featured_media":8427,"comment_status":"open","ping_status":"open","sticky":false,"template":"","format":"standard","meta":{"advanced_seo_description":"","jetpack_seo_html_title":"","jetpack_seo_noindex":false,"_jetpack_memberships_contains_paid_content":false,"footnotes":"","jetpack_publicize_message":"","jetpack_publicize_feature_enabled":true,"jetpack_social_post_already_shared":true,"jetpack_social_options":{"image_generator_settings":{"template":"highway","default_image_id":0,"font":"","enabled":false},"version":2}},"categories":[8],"tags":[],"class_list":["post-8423","post","type-post","status-publish","format-standard","has-post-thumbnail","hentry","category-foto-galeri"],"jetpack_publicize_connections":[],"jetpack_featured_media_url":"https:\/\/www.xn--kprmedya-n4a6d.com\/wp-content\/uploads\/2026\/04\/c8db01a7-157b-491f-84ed-37bd0a021fdb.jpeg","jetpack_likes_enabled":true,"jetpack_sharing_enabled":true,"jetpack_shortlink":"https:\/\/wp.me\/pgAB3S-2bR","_links":{"self":[{"href":"https:\/\/www.xn--kprmedya-n4a6d.com\/index.php\/wp-json\/wp\/v2\/posts\/8423","targetHints":{"allow":["GET"]}}],"collection":[{"href":"https:\/\/www.xn--kprmedya-n4a6d.com\/index.php\/wp-json\/wp\/v2\/posts"}],"about":[{"href":"https:\/\/www.xn--kprmedya-n4a6d.com\/index.php\/wp-json\/wp\/v2\/types\/post"}],"author":[{"embeddable":true,"href":"https:\/\/www.xn--kprmedya-n4a6d.com\/index.php\/wp-json\/wp\/v2\/users\/1"}],"replies":[{"embeddable":true,"href":"https:\/\/www.xn--kprmedya-n4a6d.com\/index.php\/wp-json\/wp\/v2\/comments?post=8423"}],"version-history":[{"count":1,"href":"https:\/\/www.xn--kprmedya-n4a6d.com\/index.php\/wp-json\/wp\/v2\/posts\/8423\/revisions"}],"predecessor-version":[{"id":8430,"href":"https:\/\/www.xn--kprmedya-n4a6d.com\/index.php\/wp-json\/wp\/v2\/posts\/8423\/revisions\/8430"}],"wp:featuredmedia":[{"embeddable":true,"href":"https:\/\/www.xn--kprmedya-n4a6d.com\/index.php\/wp-json\/wp\/v2\/media\/8427"}],"wp:attachment":[{"href":"https:\/\/www.xn--kprmedya-n4a6d.com\/index.php\/wp-json\/wp\/v2\/media?parent=8423"}],"wp:term":[{"taxonomy":"category","embeddable":true,"href":"https:\/\/www.xn--kprmedya-n4a6d.com\/index.php\/wp-json\/wp\/v2\/categories?post=8423"},{"taxonomy":"post_tag","embeddable":true,"href":"https:\/\/www.xn--kprmedya-n4a6d.com\/index.php\/wp-json\/wp\/v2\/tags?post=8423"}],"curies":[{"name":"wp","href":"https:\/\/api.w.org\/{rel}","templated":true}]}}