{"id":8431,"date":"2026-05-01T11:07:13","date_gmt":"2026-05-01T11:07:13","guid":{"rendered":"https:\/\/www.xn--kprmedya-n4a6d.com\/?p=8431"},"modified":"2026-05-01T11:07:15","modified_gmt":"2026-05-01T11:07:15","slug":"emek-en-yuce-degerdir-add-mustafakemalpasadan-1-mayis-mesaji","status":"publish","type":"post","link":"https:\/\/www.xn--kprmedya-n4a6d.com\/index.php\/2026\/05\/01\/emek-en-yuce-degerdir-add-mustafakemalpasadan-1-mayis-mesaji\/","title":{"rendered":"EMEK EN Y\u00dcCE DE\u011eERD\u0130R: ADD MUSTAFAKEMALPA\u015eA\u2019DAN 1 MAYIS MESAJI"},"content":{"rendered":"\n<figure class=\"wp-block-image size-full\"><img loading=\"lazy\" decoding=\"async\" width=\"1024\" height=\"237\" src=\"https:\/\/www.xn--kprmedya-n4a6d.com\/wp-content\/uploads\/2026\/05\/IMG_4679.jpeg\" alt=\"\" class=\"wp-image-8432\" srcset=\"https:\/\/www.xn--kprmedya-n4a6d.com\/wp-content\/uploads\/2026\/05\/IMG_4679.jpeg 1024w, https:\/\/www.xn--kprmedya-n4a6d.com\/wp-content\/uploads\/2026\/05\/IMG_4679-300x69.jpeg 300w, https:\/\/www.xn--kprmedya-n4a6d.com\/wp-content\/uploads\/2026\/05\/IMG_4679-768x178.jpeg 768w\" sizes=\"auto, (max-width: 1024px) 100vw, 1024px\" \/><\/figure>\n\n\n\n<p><strong>Bursa\u2019n\u0131n Mustafakemalpa\u015fa il\u00e7esinde, Atat\u00fcrk\u00e7\u00fc D\u00fc\u015f\u00fcnce Derne\u011fi (ADD) \u015eubesi, 1 May\u0131s Emek ve Dayan\u0131\u015fma G\u00fcn\u00fc dolay\u0131s\u0131yla dikkat \u00e7eken bir a\u00e7\u0131klama yay\u0131mlad\u0131.<\/strong>&nbsp;A\u00e7\u0131klamada, eme\u011fin s\u00f6m\u00fcr\u00fcye kar\u015f\u0131 verdi\u011fi m\u00fccadelenin tarihsel \u00f6nemine vurgu yap\u0131l\u0131rken, demokrasi, hukuk ve adalet taleplerinin emek m\u00fccadelesiyle ayr\u0131lmaz bir b\u00fct\u00fcn oldu\u011fu ifade edildi.<\/p>\n\n\n\n<p>ADD Mustafakemalpa\u015fa \u015eubesi taraf\u0131ndan yap\u0131lan a\u00e7\u0131klamada, 1 May\u0131s\u2019\u0131n k\u00f6kenine de\u011finilerek, 1886 y\u0131l\u0131nda ABD\u2019nin Chicago kentinde 8 saatlik i\u015f g\u00fcn\u00fc talebiyle greve \u00e7\u0131kan i\u015f\u00e7ilere y\u00f6nelik polis m\u00fcdahalesi sonucu ya\u015fanan&nbsp;<strong>Haymarket Olay\u0131<\/strong>&nbsp;hat\u0131rlat\u0131ld\u0131. Bu olay\u0131n ard\u0131ndan 1 May\u0131s\u2019\u0131n d\u00fcnya genelinde emek ve dayan\u0131\u015fma g\u00fcn\u00fc olarak kutland\u0131\u011f\u0131 belirtildi.<\/p>\n\n\n\n<p>T\u00fcrkiye\u2019de 1 May\u0131s\u2019\u0131n tarihsel s\u00fcrecine de yer verilen a\u00e7\u0131klamada, ilk kutlamalar\u0131n Osmanl\u0131 d\u00f6neminde Selanik ve \u0130stanbul\u2019da ger\u00e7ekle\u015fti\u011fi, Cumhuriyet \u00f6ncesinde ise resm\u00ee bayram olarak kabul edildi\u011fi ifade edildi. Ancak emek m\u00fccadelesinin T\u00fcrkiye\u2019de \u00e7o\u011fu zaman yasaklar ve bask\u0131larla kar\u015f\u0131la\u015ft\u0131\u011f\u0131na dikkat \u00e7ekilerek, 1969\u2019daki \u201cKanl\u0131 Pazar\u201d ve 1977\u2019deki&nbsp;<strong>Taksim 1 May\u0131s olaylar\u0131<\/strong>&nbsp;gibi ac\u0131 olaylar hat\u0131rlat\u0131ld\u0131.<\/p>\n\n\n\n<p>A\u00e7\u0131klamada ayr\u0131ca, son d\u00f6nemde ya\u015fanan i\u015f\u00e7i eylemlerine de de\u011finilerek, emek\u00e7ilerin haklar\u0131n\u0131 alabilmek i\u00e7in zorlu m\u00fccadeleler verdi\u011fi vurguland\u0131. Demokrasi, hukuk devleti ve insan haklar\u0131n\u0131n g\u00fc\u00e7lendirilmeden emek sorunlar\u0131n\u0131n \u00e7\u00f6z\u00fclemeyece\u011fi ifade edilen metinde, \u00fcretim ekonomisine dayal\u0131, adil b\u00f6l\u00fc\u015f\u00fcm\u00fc esas alan bir sistemin gereklili\u011fi dile getirildi.<\/p>\n\n\n\n<p>ADD \u015eubesi, \u00e7\u00f6z\u00fcm \u00f6nerisi olarak Atat\u00fcrk Cumhuriyeti\u2019nin temel ekonomik yakla\u015f\u0131m\u0131 olan \u201ckarma \u00fcretim ekonomisi\u201d modeline i\u015faret ederek, bu modelin g\u00fcn\u00fcm\u00fcz ko\u015fullar\u0131na uyarlanmas\u0131 gerekti\u011fini savundu. \u0130\u015f\u00e7i haklar\u0131n\u0131n g\u00fcvence alt\u0131na al\u0131nmas\u0131, sendikal \u00f6rg\u00fctlenmenin \u00f6n\u00fcndeki engellerin kald\u0131r\u0131lmas\u0131 ve i\u015f g\u00fcvenli\u011finin sa\u011flanmas\u0131n\u0131n \u00f6nemine dikkat \u00e7ekildi.<\/p>\n\n\n\n<p>A\u00e7\u0131klama, \u00fcnl\u00fc \u015fair&nbsp;<a href=\"chatgpt:\/\/generic-entity?number=0\">Naz\u0131m Hikmet<\/a>\u2019in dizeleriyle son buldu. Mesajda, \u00f6zg\u00fcrl\u00fck ve eme\u011fin simgesi olarak i\u015f\u00e7i tulumuna vurgu yap\u0131l\u0131rken, \u201cBu g\u00fczelim memlekette h\u00fcrriyet\u201d ifadesiyle umut ve dayan\u0131\u015fma \u00e7a\u011fr\u0131s\u0131 yap\u0131ld\u0131.<\/p>\n\n\n\n<p>ADD Mustafakemalpa\u015fa \u015eubesi, t\u00fcm emek\u00e7ilerin 1 May\u0131s \u0130\u015f\u00e7i Bayram\u0131\u2019n\u0131 kutlad\u0131.<\/p>\n\n\n\n<figure class=\"wp-block-image size-full\"><img loading=\"lazy\" decoding=\"async\" width=\"825\" height=\"500\" src=\"https:\/\/www.xn--kprmedya-n4a6d.com\/wp-content\/uploads\/2026\/05\/IMG_4677.jpeg\" alt=\"\" class=\"wp-image-8433\" srcset=\"https:\/\/www.xn--kprmedya-n4a6d.com\/wp-content\/uploads\/2026\/05\/IMG_4677.jpeg 825w, https:\/\/www.xn--kprmedya-n4a6d.com\/wp-content\/uploads\/2026\/05\/IMG_4677-300x182.jpeg 300w, https:\/\/www.xn--kprmedya-n4a6d.com\/wp-content\/uploads\/2026\/05\/IMG_4677-768x465.jpeg 768w\" sizes=\"auto, (max-width: 825px) 100vw, 825px\" \/><\/figure>\n","protected":false},"excerpt":{"rendered":"<p>Bursa\u2019n\u0131n Mustafakemalpa\u015fa il\u00e7esinde, Atat\u00fcrk\u00e7\u00fc D\u00fc\u015f\u00fcnce Derne\u011fi (ADD) \u015eubesi, 1 May\u0131s Emek ve Dayan\u0131\u015fma G\u00fcn\u00fc dolay\u0131s\u0131yla dikkat \u00e7eken bir a\u00e7\u0131klama yay\u0131mlad\u0131.&nbsp;A\u00e7\u0131klamada, eme\u011fin s\u00f6m\u00fcr\u00fcye kar\u015f\u0131 verdi\u011fi m\u00fccadelenin&hellip;<\/p>\n","protected":false},"author":1,"featured_media":8434,"comment_status":"open","ping_status":"open","sticky":false,"template":"","format":"standard","meta":{"advanced_seo_description":"","jetpack_seo_html_title":"","jetpack_seo_noindex":false,"_jetpack_memberships_contains_paid_content":false,"footnotes":"","jetpack_publicize_message":"","jetpack_publicize_feature_enabled":true,"jetpack_social_post_already_shared":true,"jetpack_social_options":{"image_generator_settings":{"template":"highway","default_image_id":0,"font":"","enabled":false},"version":2}},"categories":[8],"tags":[],"class_list":["post-8431","post","type-post","status-publish","format-standard","has-post-thumbnail","hentry","category-foto-galeri"],"jetpack_publicize_connections":[],"jetpack_featured_media_url":"https:\/\/www.xn--kprmedya-n4a6d.com\/wp-content\/uploads\/2026\/05\/424c820b-5944-4717-b30a-85eee17d6701.jpeg","jetpack_likes_enabled":true,"jetpack_sharing_enabled":true,"jetpack_shortlink":"https:\/\/wp.me\/pgAB3S-2bZ","_links":{"self":[{"href":"https:\/\/www.xn--kprmedya-n4a6d.com\/index.php\/wp-json\/wp\/v2\/posts\/8431","targetHints":{"allow":["GET"]}}],"collection":[{"href":"https:\/\/www.xn--kprmedya-n4a6d.com\/index.php\/wp-json\/wp\/v2\/posts"}],"about":[{"href":"https:\/\/www.xn--kprmedya-n4a6d.com\/index.php\/wp-json\/wp\/v2\/types\/post"}],"author":[{"embeddable":true,"href":"https:\/\/www.xn--kprmedya-n4a6d.com\/index.php\/wp-json\/wp\/v2\/users\/1"}],"replies":[{"embeddable":true,"href":"https:\/\/www.xn--kprmedya-n4a6d.com\/index.php\/wp-json\/wp\/v2\/comments?post=8431"}],"version-history":[{"count":1,"href":"https:\/\/www.xn--kprmedya-n4a6d.com\/index.php\/wp-json\/wp\/v2\/posts\/8431\/revisions"}],"predecessor-version":[{"id":8435,"href":"https:\/\/www.xn--kprmedya-n4a6d.com\/index.php\/wp-json\/wp\/v2\/posts\/8431\/revisions\/8435"}],"wp:featuredmedia":[{"embeddable":true,"href":"https:\/\/www.xn--kprmedya-n4a6d.com\/index.php\/wp-json\/wp\/v2\/media\/8434"}],"wp:attachment":[{"href":"https:\/\/www.xn--kprmedya-n4a6d.com\/index.php\/wp-json\/wp\/v2\/media?parent=8431"}],"wp:term":[{"taxonomy":"category","embeddable":true,"href":"https:\/\/www.xn--kprmedya-n4a6d.com\/index.php\/wp-json\/wp\/v2\/categories?post=8431"},{"taxonomy":"post_tag","embeddable":true,"href":"https:\/\/www.xn--kprmedya-n4a6d.com\/index.php\/wp-json\/wp\/v2\/tags?post=8431"}],"curies":[{"name":"wp","href":"https:\/\/api.w.org\/{rel}","templated":true}]}}