{"id":8436,"date":"2026-05-01T12:05:59","date_gmt":"2026-05-01T12:05:59","guid":{"rendered":"https:\/\/www.xn--kprmedya-n4a6d.com\/?p=8436"},"modified":"2026-05-01T12:06:00","modified_gmt":"2026-05-01T12:06:00","slug":"baskan-erdem-emek-mustafakemalpasanin-en-buyuk-gucudur","status":"publish","type":"post","link":"https:\/\/www.xn--kprmedya-n4a6d.com\/index.php\/2026\/05\/01\/baskan-erdem-emek-mustafakemalpasanin-en-buyuk-gucudur\/","title":{"rendered":"BA\u015eKAN ERDEM: \u2018EMEK, MUSTAFAKEMALPA\u015eA\u2019NIN EN B\u00dcY\u00dcK G\u00dcC\u00dcD\u00dcR\u2019"},"content":{"rendered":"\n<figure class=\"wp-block-image size-full\"><img loading=\"lazy\" decoding=\"async\" width=\"1024\" height=\"237\" src=\"https:\/\/www.xn--kprmedya-n4a6d.com\/wp-content\/uploads\/2026\/05\/IMG_4679-1.jpeg\" alt=\"\" class=\"wp-image-8437\" srcset=\"https:\/\/www.xn--kprmedya-n4a6d.com\/wp-content\/uploads\/2026\/05\/IMG_4679-1.jpeg 1024w, https:\/\/www.xn--kprmedya-n4a6d.com\/wp-content\/uploads\/2026\/05\/IMG_4679-1-300x69.jpeg 300w, https:\/\/www.xn--kprmedya-n4a6d.com\/wp-content\/uploads\/2026\/05\/IMG_4679-1-768x178.jpeg 768w\" sizes=\"auto, (max-width: 1024px) 100vw, 1024px\" \/><\/figure>\n\n\n\n<p>Mustafakemalpa\u015fa Belediye Ba\u015fkan\u0131 \u015e\u00fckr\u00fc Erdem 1 May\u0131s Emek ve Dayan\u0131\u015fma G\u00fcn\u00fc dolay\u0131s\u0131yla bir mesaj yay\u0131mlad\u0131.<\/p>\n\n\n\n<p>Erdem mesaj\u0131nda \u015fu ifadeleri kulland\u0131; \u201c\u00dcreten, al\u0131n teriyle hayat\u0131 var eden, il\u00e7emizin geli\u015fimine katk\u0131 sunan t\u00fcm emek\u00e7i karde\u015flerimizin eme\u011fi, Mustafakemalpa\u015fa\u2019n\u0131n en b\u00fcy\u00fck g\u00fcc\u00fcd\u00fcr. \u015eehrimizin geli\u015fimi ve gelece\u011fi, her g\u00fcn \u00f6zveriyle \u00e7al\u0131\u015fan i\u015f\u00e7ilerimizin, memurlar\u0131m\u0131z\u0131n, esnaf\u0131m\u0131z\u0131n ve t\u00fcm emek\u00e7ilerimizin katk\u0131lar\u0131yla m\u00fcmk\u00fcn olmaktad\u0131r. Eme\u011fin y\u00fcceli\u011fine inanan bir anlay\u0131\u015fla, \u00e7al\u0131\u015fanlar\u0131m\u0131z\u0131n hak ettikleri ko\u015fullara kavu\u015fmalar\u0131, sosyal adaletin g\u00fc\u00e7lenmesi ve f\u0131rsat e\u015fitli\u011finin sa\u011flanmas\u0131 i\u00e7in var g\u00fcc\u00fcm\u00fczle \u00e7al\u0131\u015fmaya devam ediyoruz.&nbsp; Bu duygu ve d\u00fc\u015f\u00fcncelerle, eme\u011fin ve dayan\u0131\u015fman\u0131n simgesi olan 1 May\u0131s Emek ve Dayan\u0131\u015fma G\u00fcn\u00fc\u2019n\u00fc kutluyor; t\u00fcm emek\u00e7ilerimize sa\u011fl\u0131k, huzur ve ba\u015far\u0131lar diliyorum.\u201d<\/p>\n\n\n\n<figure class=\"wp-block-image size-full\"><img loading=\"lazy\" decoding=\"async\" width=\"825\" height=\"500\" src=\"https:\/\/www.xn--kprmedya-n4a6d.com\/wp-content\/uploads\/2026\/05\/IMG_4677-1.jpeg\" alt=\"\" class=\"wp-image-8438\" srcset=\"https:\/\/www.xn--kprmedya-n4a6d.com\/wp-content\/uploads\/2026\/05\/IMG_4677-1.jpeg 825w, https:\/\/www.xn--kprmedya-n4a6d.com\/wp-content\/uploads\/2026\/05\/IMG_4677-1-300x182.jpeg 300w, https:\/\/www.xn--kprmedya-n4a6d.com\/wp-content\/uploads\/2026\/05\/IMG_4677-1-768x465.jpeg 768w\" sizes=\"auto, (max-width: 825px) 100vw, 825px\" \/><\/figure>\n","protected":false},"excerpt":{"rendered":"<p>Mustafakemalpa\u015fa Belediye Ba\u015fkan\u0131 \u015e\u00fckr\u00fc Erdem 1 May\u0131s Emek ve Dayan\u0131\u015fma G\u00fcn\u00fc dolay\u0131s\u0131yla bir mesaj yay\u0131mlad\u0131. Erdem mesaj\u0131nda \u015fu ifadeleri kulland\u0131; \u201c\u00dcreten, al\u0131n teriyle hayat\u0131 var&hellip;<\/p>\n","protected":false},"author":1,"featured_media":8439,"comment_status":"open","ping_status":"open","sticky":false,"template":"","format":"standard","meta":{"advanced_seo_description":"","jetpack_seo_html_title":"","jetpack_seo_noindex":false,"_jetpack_memberships_contains_paid_content":false,"footnotes":"","jetpack_publicize_message":"","jetpack_publicize_feature_enabled":true,"jetpack_social_post_already_shared":true,"jetpack_social_options":{"image_generator_settings":{"template":"highway","default_image_id":0,"font":"","enabled":false},"version":2}},"categories":[8],"tags":[],"class_list":["post-8436","post","type-post","status-publish","format-standard","has-post-thumbnail","hentry","category-foto-galeri"],"jetpack_publicize_connections":[],"jetpack_featured_media_url":"https:\/\/www.xn--kprmedya-n4a6d.com\/wp-content\/uploads\/2026\/05\/IMG_4830.webp","jetpack_likes_enabled":true,"jetpack_sharing_enabled":true,"jetpack_shortlink":"https:\/\/wp.me\/pgAB3S-2c4","_links":{"self":[{"href":"https:\/\/www.xn--kprmedya-n4a6d.com\/index.php\/wp-json\/wp\/v2\/posts\/8436","targetHints":{"allow":["GET"]}}],"collection":[{"href":"https:\/\/www.xn--kprmedya-n4a6d.com\/index.php\/wp-json\/wp\/v2\/posts"}],"about":[{"href":"https:\/\/www.xn--kprmedya-n4a6d.com\/index.php\/wp-json\/wp\/v2\/types\/post"}],"author":[{"embeddable":true,"href":"https:\/\/www.xn--kprmedya-n4a6d.com\/index.php\/wp-json\/wp\/v2\/users\/1"}],"replies":[{"embeddable":true,"href":"https:\/\/www.xn--kprmedya-n4a6d.com\/index.php\/wp-json\/wp\/v2\/comments?post=8436"}],"version-history":[{"count":1,"href":"https:\/\/www.xn--kprmedya-n4a6d.com\/index.php\/wp-json\/wp\/v2\/posts\/8436\/revisions"}],"predecessor-version":[{"id":8440,"href":"https:\/\/www.xn--kprmedya-n4a6d.com\/index.php\/wp-json\/wp\/v2\/posts\/8436\/revisions\/8440"}],"wp:featuredmedia":[{"embeddable":true,"href":"https:\/\/www.xn--kprmedya-n4a6d.com\/index.php\/wp-json\/wp\/v2\/media\/8439"}],"wp:attachment":[{"href":"https:\/\/www.xn--kprmedya-n4a6d.com\/index.php\/wp-json\/wp\/v2\/media?parent=8436"}],"wp:term":[{"taxonomy":"category","embeddable":true,"href":"https:\/\/www.xn--kprmedya-n4a6d.com\/index.php\/wp-json\/wp\/v2\/categories?post=8436"},{"taxonomy":"post_tag","embeddable":true,"href":"https:\/\/www.xn--kprmedya-n4a6d.com\/index.php\/wp-json\/wp\/v2\/tags?post=8436"}],"curies":[{"name":"wp","href":"https:\/\/api.w.org\/{rel}","templated":true}]}}