{"id":8441,"date":"2026-05-01T12:31:14","date_gmt":"2026-05-01T12:31:14","guid":{"rendered":"https:\/\/www.xn--kprmedya-n4a6d.com\/?p=8441"},"modified":"2026-05-01T12:31:16","modified_gmt":"2026-05-01T12:31:16","slug":"pasaderden-1-mayis-mesaji","status":"publish","type":"post","link":"https:\/\/www.xn--kprmedya-n4a6d.com\/index.php\/2026\/05\/01\/pasaderden-1-mayis-mesaji\/","title":{"rendered":"PA\u015eADER\u2019DEN 1 MAYIS MESAJI"},"content":{"rendered":"\n<figure class=\"wp-block-image size-full\"><img loading=\"lazy\" decoding=\"async\" width=\"1024\" height=\"237\" src=\"https:\/\/www.xn--kprmedya-n4a6d.com\/wp-content\/uploads\/2026\/05\/IMG_4679-2.jpeg\" alt=\"\" class=\"wp-image-8442\" srcset=\"https:\/\/www.xn--kprmedya-n4a6d.com\/wp-content\/uploads\/2026\/05\/IMG_4679-2.jpeg 1024w, https:\/\/www.xn--kprmedya-n4a6d.com\/wp-content\/uploads\/2026\/05\/IMG_4679-2-300x69.jpeg 300w, https:\/\/www.xn--kprmedya-n4a6d.com\/wp-content\/uploads\/2026\/05\/IMG_4679-2-768x178.jpeg 768w\" sizes=\"auto, (max-width: 1024px) 100vw, 1024px\" \/><\/figure>\n\n\n\n<p>Mustafakemalpa\u015fal\u0131lar E\u011fitim K\u00fclt\u00fcr ve Yard\u0131mla\u015fma Derne\u011fi, 1 May\u0131s Emek ve Dayan\u0131\u015fma G\u00fcn\u00fc dolay\u0131s\u0131yla anlaml\u0131 bir mesaj yay\u0131mlad\u0131. Dernek Ba\u015fkan\u0131 Dr. Murat Tun\u00e7el imzas\u0131yla yay\u0131mlanan mesajda, eme\u011fin de\u011feri ve dayan\u0131\u015fman\u0131n \u00f6nemi vurguland\u0131.<\/p>\n\n\n\n<p>Mesajda, 1 May\u0131s\u2019\u0131n sadece bir bayram de\u011fil, ayn\u0131 zamanda al\u0131n teriyle hayat\u0131 var eden emek\u00e7ilerin g\u00fcn\u00fc oldu\u011fu ifade edildi. \u00dcreten ellerin, d\u00fc\u015f\u00fcnen beyinlerin ve yorulmak bilmeyen \u00e7al\u0131\u015fanlar\u0131n toplumun temel dire\u011fi oldu\u011funa dikkat \u00e7ekilerek, bu \u00f6zel g\u00fcn\u00fcn birlik ve beraberli\u011fin simgesi oldu\u011fu belirtildi.<\/p>\n\n\n\n<p>Dernek olarak her kesimden emek\u00e7inin yan\u0131nda olduklar\u0131n\u0131 vurgulayan Tun\u00e7el, emek\u00e7ilerin hak ve hukukunu savunman\u0131n en \u00f6nemli sorumluluklar\u0131ndan biri oldu\u011funu dile getirdi. A\u00e7\u0131klamada, fabrikalarda, tarlalarda, at\u00f6lyelerde ve kamu kurumlar\u0131nda \u00e7al\u0131\u015fan t\u00fcm emek\u00e7ilere te\u015fekk\u00fcr edilerek, 1 May\u0131s Emek ve Dayan\u0131\u015fma G\u00fcn\u00fc kutland\u0131.<\/p>\n\n\n\n<p>Mesaj, \u201cDaha g\u00fczel yar\u0131nlar i\u00e7in emek ve birlik i\u00e7inde\u2026\u201d ifadeleriyle sona erdi.<\/p>\n\n\n\n<figure class=\"wp-block-image size-full\"><img loading=\"lazy\" decoding=\"async\" width=\"825\" height=\"500\" src=\"https:\/\/www.xn--kprmedya-n4a6d.com\/wp-content\/uploads\/2026\/05\/IMG_4677-2.jpeg\" alt=\"\" class=\"wp-image-8443\" srcset=\"https:\/\/www.xn--kprmedya-n4a6d.com\/wp-content\/uploads\/2026\/05\/IMG_4677-2.jpeg 825w, https:\/\/www.xn--kprmedya-n4a6d.com\/wp-content\/uploads\/2026\/05\/IMG_4677-2-300x182.jpeg 300w, https:\/\/www.xn--kprmedya-n4a6d.com\/wp-content\/uploads\/2026\/05\/IMG_4677-2-768x465.jpeg 768w\" sizes=\"auto, (max-width: 825px) 100vw, 825px\" \/><\/figure>\n","protected":false},"excerpt":{"rendered":"<p>Mustafakemalpa\u015fal\u0131lar E\u011fitim K\u00fclt\u00fcr ve Yard\u0131mla\u015fma Derne\u011fi, 1 May\u0131s Emek ve Dayan\u0131\u015fma G\u00fcn\u00fc dolay\u0131s\u0131yla anlaml\u0131 bir mesaj yay\u0131mlad\u0131. Dernek Ba\u015fkan\u0131 Dr. Murat Tun\u00e7el imzas\u0131yla yay\u0131mlanan mesajda,&hellip;<\/p>\n","protected":false},"author":1,"featured_media":8444,"comment_status":"open","ping_status":"open","sticky":false,"template":"","format":"standard","meta":{"advanced_seo_description":"","jetpack_seo_html_title":"","jetpack_seo_noindex":false,"_jetpack_memberships_contains_paid_content":false,"footnotes":"","jetpack_publicize_message":"","jetpack_publicize_feature_enabled":true,"jetpack_social_post_already_shared":true,"jetpack_social_options":{"image_generator_settings":{"template":"highway","default_image_id":0,"font":"","enabled":false},"version":2}},"categories":[8],"tags":[],"class_list":["post-8441","post","type-post","status-publish","format-standard","has-post-thumbnail","hentry","category-foto-galeri"],"jetpack_publicize_connections":[],"jetpack_featured_media_url":"https:\/\/www.xn--kprmedya-n4a6d.com\/wp-content\/uploads\/2026\/05\/fe3e46f7-0ed6-4dbb-8708-65d2c59cca96.jpeg","jetpack_likes_enabled":true,"jetpack_sharing_enabled":true,"jetpack_shortlink":"https:\/\/wp.me\/pgAB3S-2c9","_links":{"self":[{"href":"https:\/\/www.xn--kprmedya-n4a6d.com\/index.php\/wp-json\/wp\/v2\/posts\/8441","targetHints":{"allow":["GET"]}}],"collection":[{"href":"https:\/\/www.xn--kprmedya-n4a6d.com\/index.php\/wp-json\/wp\/v2\/posts"}],"about":[{"href":"https:\/\/www.xn--kprmedya-n4a6d.com\/index.php\/wp-json\/wp\/v2\/types\/post"}],"author":[{"embeddable":true,"href":"https:\/\/www.xn--kprmedya-n4a6d.com\/index.php\/wp-json\/wp\/v2\/users\/1"}],"replies":[{"embeddable":true,"href":"https:\/\/www.xn--kprmedya-n4a6d.com\/index.php\/wp-json\/wp\/v2\/comments?post=8441"}],"version-history":[{"count":1,"href":"https:\/\/www.xn--kprmedya-n4a6d.com\/index.php\/wp-json\/wp\/v2\/posts\/8441\/revisions"}],"predecessor-version":[{"id":8445,"href":"https:\/\/www.xn--kprmedya-n4a6d.com\/index.php\/wp-json\/wp\/v2\/posts\/8441\/revisions\/8445"}],"wp:featuredmedia":[{"embeddable":true,"href":"https:\/\/www.xn--kprmedya-n4a6d.com\/index.php\/wp-json\/wp\/v2\/media\/8444"}],"wp:attachment":[{"href":"https:\/\/www.xn--kprmedya-n4a6d.com\/index.php\/wp-json\/wp\/v2\/media?parent=8441"}],"wp:term":[{"taxonomy":"category","embeddable":true,"href":"https:\/\/www.xn--kprmedya-n4a6d.com\/index.php\/wp-json\/wp\/v2\/categories?post=8441"},{"taxonomy":"post_tag","embeddable":true,"href":"https:\/\/www.xn--kprmedya-n4a6d.com\/index.php\/wp-json\/wp\/v2\/tags?post=8441"}],"curies":[{"name":"wp","href":"https:\/\/api.w.org\/{rel}","templated":true}]}}